{"id":3811,"date":"2011-01-31T05:00:00","date_gmt":"2011-01-31T05:00:00","guid":{"rendered":"https:\/\/canada.iatse.net\/iatse-canadian-counsel-named-chair-of-ontario-labour-relations-board\/"},"modified":"2021-06-21T18:36:57","modified_gmt":"2021-06-21T18:36:57","slug":"iatse-canadian-counsel-named-chair-of-ontario-labour-relations-board","status":"publish","type":"post","link":"https:\/\/canada.iatse.net\/fr\/iatse-canadian-counsel-named-chair-of-ontario-labour-relations-board\/","title":{"rendered":"L\u2019AVOCAT-CONSEIL CANADIEN DE L\u2019AIEST NOMM\u00c9 PR\u00c9SIDENT DE LA COMMISSION DES RELATIONS DE TRAVAIL DE L\u2019ONTARIO"},"content":{"rendered":"<p>L\u2019AIEST tient \u00e0 f\u00e9liciter Ma\u00eetre Bernard Fishbein, notre conseiller juridique canadien, de sa nomination comme pr\u00e9sident de la Commission des relations de travail de l\u2019Ontario. Me Fishbein est avocat au cabinet torontois Koskie Minsky o\u00f9 il a aussi \u00e9t\u00e9 un associ\u00e9 directeur. Il repr\u00e9sente des syndicats dans un nombre d\u2019industries depuis 1981.<\/p>\n<p>Agissant \u00e0 titre de conseiller juridique de l\u2019AIEST depuis 1989, Me Fishbein repr\u00e9sente diff\u00e9rentes sections locales de l\u2019AIEST depuis 1978. Cette importante nomination refl\u00e8te bien toute l\u2019estime qu\u2019a le milieu des relations de travail pour les comp\u00e9tences juridiques, l\u2019expertise en relations de travail, la perspicacit\u00e9 et l\u2019int\u00e9grit\u00e9 de Me Fishbein.<\/p>\n<p>\u00ab Bernie fait partie int\u00e9grante de l\u2019AIEST depuis plus de vingt ans. Nos succ\u00e8s sont largement le r\u00e9sultat de l\u2019avis et du soutien clair et in\u00e9branlable de Bernie et ses coll\u00e8gues chez Koskie Minsky. Ce que perd l\u2019AIEST sera gagn\u00e9 pour l\u2019ensemble de la communaut\u00e9 des relations de travail \u00bb, affirme le pr\u00e9sident de l\u2019AIEST, Matthew D. Loeb.<\/p>","protected":false},"excerpt":{"rendered":"<p>L'IATSE souhaite adresser ses f\u00e9licitations \u00e0 Bernard Fishbein, notre avocat canadien, qui a \u00e9t\u00e9 nomm\u00e9 pr\u00e9sident de la Commission des relations de travail de l'Ontario.  M. Fishbein est un [...]<\/p>","protected":false},"author":1,"featured_media":3496,"comment_status":"open","ping_status":"open","sticky":false,"template":"","format":"standard","meta":{"_monsterinsights_skip_tracking":false,"_monsterinsights_sitenote_active":false,"_monsterinsights_sitenote_note":"","_monsterinsights_sitenote_category":0,"footnotes":""},"categories":[5],"tags":[],"yoast_head":"<!-- This site is optimized with the Yoast SEO plugin v23.5 - https:\/\/yoast.com\/wordpress\/plugins\/seo\/ -->\n<title>IATSE Canadian Counsel Named Chair of Ontario Labour Relations Board - IATSE Canada<\/title>\n<meta name=\"robots\" content=\"index, follow, max-snippet:-1, max-image-preview:large, max-video-preview:-1\" \/>\n<link rel=\"canonical\" href=\"https:\/\/canada.iatse.net\/fr\/iatse-canadian-counsel-named-chair-of-ontario-labour-relations-board\/\" \/>\n<meta property=\"og:locale\" content=\"fr_CA\" \/>\n<meta property=\"og:type\" content=\"article\" \/>\n<meta property=\"og:title\" content=\"IATSE Canadian Counsel Named Chair of Ontario Labour Relations Board - IATSE Canada\" \/>\n<meta property=\"og:description\" content=\"The IATSE would like to extend its congratulations to Bernard Fishbein, our Canadian Counsel, who has been appointed as Chair of the Ontario Labour Relations Board.\u00a0 Mr. Fishbein is a [&hellip;]\" \/>\n<meta property=\"og:url\" content=\"https:\/\/canada.iatse.net\/fr\/iatse-canadian-counsel-named-chair-of-ontario-labour-relations-board\/\" \/>\n<meta property=\"og:site_name\" content=\"IATSE Canada\" \/>\n<meta property=\"article:publisher\" content=\"https:\/\/www.facebook.com\/iatsecanada\/\" \/>\n<meta property=\"article:published_time\" content=\"2011-01-31T05:00:00+00:00\" \/>\n<meta property=\"article:modified_time\" content=\"2021-06-21T18:36:57+00:00\" \/>\n<meta property=\"og:image\" content=\"https:\/\/canada.iatse.net\/wp-content\/uploads\/sites\/2\/2021\/06\/2-1.jpg\" \/>\n\t<meta property=\"og:image:width\" content=\"1920\" \/>\n\t<meta property=\"og:image:height\" content=\"1080\" \/>\n\t<meta property=\"og:image:type\" content=\"image\/jpeg\" \/>\n<meta name=\"author\" content=\"IATSE Communications\" \/>\n<meta name=\"twitter:card\" content=\"summary_large_image\" \/>\n<meta name=\"twitter:creator\" content=\"@iatsecanada\" \/>\n<meta name=\"twitter:site\" content=\"@iatsecanada\" \/>\n<meta name=\"twitter:label1\" content=\"\u00c9crit par\" \/>\n\t<meta name=\"twitter:data1\" content=\"IATSE Communications\" \/>\n\t<meta name=\"twitter:label2\" content=\"Estimation du temps de lecture\" \/>\n\t<meta name=\"twitter:data2\" content=\"1 minute\" \/>\n<script type=\"application\/ld+json\" class=\"yoast-schema-graph\">{\"@context\":\"https:\/\/schema.org\",\"@graph\":[{\"@type\":\"Article\",\"@id\":\"https:\/\/canada.iatse.net\/fr\/iatse-canadian-counsel-named-chair-of-ontario-labour-relations-board\/#article\",\"isPartOf\":{\"@id\":\"https:\/\/canada.iatse.net\/fr\/iatse-canadian-counsel-named-chair-of-ontario-labour-relations-board\/\"},\"author\":{\"name\":\"IATSE Communications\",\"@id\":\"https:\/\/canada.iatse.net\/fr\/#\/schema\/person\/0f70e66471ace00026b129e85eb44df0\"},\"headline\":\"IATSE Canadian Counsel Named Chair of Ontario Labour Relations Board\",\"datePublished\":\"2011-01-31T05:00:00+00:00\",\"dateModified\":\"2021-06-21T18:36:57+00:00\",\"mainEntityOfPage\":{\"@id\":\"https:\/\/canada.iatse.net\/fr\/iatse-canadian-counsel-named-chair-of-ontario-labour-relations-board\/\"},\"wordCount\":171,\"commentCount\":0,\"publisher\":{\"@id\":\"https:\/\/canada.iatse.net\/fr\/#organization\"},\"image\":{\"@id\":\"https:\/\/canada.iatse.net\/fr\/iatse-canadian-counsel-named-chair-of-ontario-labour-relations-board\/#primaryimage\"},\"thumbnailUrl\":\"https:\/\/canada.iatse.net\/wp-content\/uploads\/sites\/2\/2021\/06\/2-1.jpg\",\"articleSection\":[\"News\"],\"inLanguage\":\"fr-CA\"},{\"@type\":\"WebPage\",\"@id\":\"https:\/\/canada.iatse.net\/fr\/iatse-canadian-counsel-named-chair-of-ontario-labour-relations-board\/\",\"url\":\"https:\/\/canada.iatse.net\/fr\/iatse-canadian-counsel-named-chair-of-ontario-labour-relations-board\/\",\"name\":\"IATSE Canadian Counsel Named Chair of Ontario Labour Relations Board - IATSE Canada\",\"isPartOf\":{\"@id\":\"https:\/\/canada.iatse.net\/fr\/#website\"},\"primaryImageOfPage\":{\"@id\":\"https:\/\/canada.iatse.net\/fr\/iatse-canadian-counsel-named-chair-of-ontario-labour-relations-board\/#primaryimage\"},\"image\":{\"@id\":\"https:\/\/canada.iatse.net\/fr\/iatse-canadian-counsel-named-chair-of-ontario-labour-relations-board\/#primaryimage\"},\"thumbnailUrl\":\"https:\/\/canada.iatse.net\/wp-content\/uploads\/sites\/2\/2021\/06\/2-1.jpg\",\"datePublished\":\"2011-01-31T05:00:00+00:00\",\"dateModified\":\"2021-06-21T18:36:57+00:00\",\"breadcrumb\":{\"@id\":\"https:\/\/canada.iatse.net\/fr\/iatse-canadian-counsel-named-chair-of-ontario-labour-relations-board\/#breadcrumb\"},\"inLanguage\":\"fr-CA\",\"potentialAction\":[{\"@type\":\"ReadAction\",\"target\":[\"https:\/\/canada.iatse.net\/fr\/iatse-canadian-counsel-named-chair-of-ontario-labour-relations-board\/\"]}]},{\"@type\":\"ImageObject\",\"inLanguage\":\"fr-CA\",\"@id\":\"https:\/\/canada.iatse.net\/fr\/iatse-canadian-counsel-named-chair-of-ontario-labour-relations-board\/#primaryimage\",\"url\":\"https:\/\/canada.iatse.net\/wp-content\/uploads\/sites\/2\/2021\/06\/2-1.jpg\",\"contentUrl\":\"https:\/\/canada.iatse.net\/wp-content\/uploads\/sites\/2\/2021\/06\/2-1.jpg\",\"width\":1920,\"height\":1080,\"caption\":\"IATSE Canada\"},{\"@type\":\"BreadcrumbList\",\"@id\":\"https:\/\/canada.iatse.net\/fr\/iatse-canadian-counsel-named-chair-of-ontario-labour-relations-board\/#breadcrumb\",\"itemListElement\":[{\"@type\":\"ListItem\",\"position\":1,\"name\":\"Home\",\"item\":\"https:\/\/canada.iatse.net\/\"},{\"@type\":\"ListItem\",\"position\":2,\"name\":\"IATSE Canadian Counsel Named Chair of Ontario Labour Relations Board\"}]},{\"@type\":\"WebSite\",\"@id\":\"https:\/\/canada.iatse.net\/fr\/#website\",\"url\":\"https:\/\/canada.iatse.net\/fr\/\",\"name\":\"IATSE Canada\",\"description\":\"The Union Behind Entertainment\",\"publisher\":{\"@id\":\"https:\/\/canada.iatse.net\/fr\/#organization\"},\"potentialAction\":[{\"@type\":\"SearchAction\",\"target\":{\"@type\":\"EntryPoint\",\"urlTemplate\":\"https:\/\/canada.iatse.net\/fr\/?s={search_term_string}\"},\"query-input\":{\"@type\":\"PropertyValueSpecification\",\"valueRequired\":true,\"valueName\":\"search_term_string\"}}],\"inLanguage\":\"fr-CA\"},{\"@type\":\"Organization\",\"@id\":\"https:\/\/canada.iatse.net\/fr\/#organization\",\"name\":\"IATSE Canada\",\"url\":\"https:\/\/canada.iatse.net\/fr\/\",\"logo\":{\"@type\":\"ImageObject\",\"inLanguage\":\"fr-CA\",\"@id\":\"https:\/\/canada.iatse.net\/fr\/#\/schema\/logo\/image\/\",\"url\":\"https:\/\/canada.iatse.net\/wp-content\/uploads\/sites\/2\/2023\/02\/Canadian-Bug-Clear-BG.png\",\"contentUrl\":\"https:\/\/canada.iatse.net\/wp-content\/uploads\/sites\/2\/2023\/02\/Canadian-Bug-Clear-BG.png\",\"width\":1675,\"height\":1675,\"caption\":\"IATSE Canada\"},\"image\":{\"@id\":\"https:\/\/canada.iatse.net\/fr\/#\/schema\/logo\/image\/\"},\"sameAs\":[\"https:\/\/www.facebook.com\/iatsecanada\/\",\"https:\/\/x.com\/iatsecanada\"]},{\"@type\":\"Person\",\"@id\":\"https:\/\/canada.iatse.net\/fr\/#\/schema\/person\/0f70e66471ace00026b129e85eb44df0\",\"name\":\"IATSE Communications\",\"image\":{\"@type\":\"ImageObject\",\"inLanguage\":\"fr-CA\",\"@id\":\"https:\/\/canada.iatse.net\/fr\/#\/schema\/person\/image\/\",\"url\":\"https:\/\/secure.gravatar.com\/avatar\/35aecdeea9e9584c91ca1675b0997004?s=96&d=mm&r=g\",\"contentUrl\":\"https:\/\/secure.gravatar.com\/avatar\/35aecdeea9e9584c91ca1675b0997004?s=96&d=mm&r=g\",\"caption\":\"IATSE Communications\"},\"sameAs\":[\"https:\/\/iatse.net\"],\"url\":\"https:\/\/canada.iatse.net\/fr\/author\/communications\/\"}]}<\/script>\n<!-- \/ Yoast SEO plugin. -->","yoast_head_json":{"title":"IATSE Canadian Counsel Named Chair of Ontario Labour Relations Board - IATSE Canada","robots":{"index":"index","follow":"follow","max-snippet":"max-snippet:-1","max-image-preview":"max-image-preview:large","max-video-preview":"max-video-preview:-1"},"canonical":"https:\/\/canada.iatse.net\/fr\/iatse-canadian-counsel-named-chair-of-ontario-labour-relations-board\/","og_locale":"fr_CA","og_type":"article","og_title":"IATSE Canadian Counsel Named Chair of Ontario Labour Relations Board - IATSE Canada","og_description":"The IATSE would like to extend its congratulations to Bernard Fishbein, our Canadian Counsel, who has been appointed as Chair of the Ontario Labour Relations Board.\u00a0 Mr. Fishbein is a [&hellip;]","og_url":"https:\/\/canada.iatse.net\/fr\/iatse-canadian-counsel-named-chair-of-ontario-labour-relations-board\/","og_site_name":"IATSE Canada","article_publisher":"https:\/\/www.facebook.com\/iatsecanada\/","article_published_time":"2011-01-31T05:00:00+00:00","article_modified_time":"2021-06-21T18:36:57+00:00","og_image":[{"width":1920,"height":1080,"url":"https:\/\/canada.iatse.net\/wp-content\/uploads\/sites\/2\/2021\/06\/2-1.jpg","type":"image\/jpeg"}],"author":"IATSE Communications","twitter_card":"summary_large_image","twitter_creator":"@iatsecanada","twitter_site":"@iatsecanada","twitter_misc":{"\u00c9crit par":"IATSE Communications","Estimation du temps de lecture":"1 minute"},"schema":{"@context":"https:\/\/schema.org","@graph":[{"@type":"Article","@id":"https:\/\/canada.iatse.net\/fr\/iatse-canadian-counsel-named-chair-of-ontario-labour-relations-board\/#article","isPartOf":{"@id":"https:\/\/canada.iatse.net\/fr\/iatse-canadian-counsel-named-chair-of-ontario-labour-relations-board\/"},"author":{"name":"IATSE Communications","@id":"https:\/\/canada.iatse.net\/fr\/#\/schema\/person\/0f70e66471ace00026b129e85eb44df0"},"headline":"IATSE Canadian Counsel Named Chair of Ontario Labour Relations Board","datePublished":"2011-01-31T05:00:00+00:00","dateModified":"2021-06-21T18:36:57+00:00","mainEntityOfPage":{"@id":"https:\/\/canada.iatse.net\/fr\/iatse-canadian-counsel-named-chair-of-ontario-labour-relations-board\/"},"wordCount":171,"commentCount":0,"publisher":{"@id":"https:\/\/canada.iatse.net\/fr\/#organization"},"image":{"@id":"https:\/\/canada.iatse.net\/fr\/iatse-canadian-counsel-named-chair-of-ontario-labour-relations-board\/#primaryimage"},"thumbnailUrl":"https:\/\/canada.iatse.net\/wp-content\/uploads\/sites\/2\/2021\/06\/2-1.jpg","articleSection":["News"],"inLanguage":"fr-CA"},{"@type":"WebPage","@id":"https:\/\/canada.iatse.net\/fr\/iatse-canadian-counsel-named-chair-of-ontario-labour-relations-board\/","url":"https:\/\/canada.iatse.net\/fr\/iatse-canadian-counsel-named-chair-of-ontario-labour-relations-board\/","name":"IATSE Canadian Counsel Named Chair of Ontario Labour Relations Board - IATSE Canada","isPartOf":{"@id":"https:\/\/canada.iatse.net\/fr\/#website"},"primaryImageOfPage":{"@id":"https:\/\/canada.iatse.net\/fr\/iatse-canadian-counsel-named-chair-of-ontario-labour-relations-board\/#primaryimage"},"image":{"@id":"https:\/\/canada.iatse.net\/fr\/iatse-canadian-counsel-named-chair-of-ontario-labour-relations-board\/#primaryimage"},"thumbnailUrl":"https:\/\/canada.iatse.net\/wp-content\/uploads\/sites\/2\/2021\/06\/2-1.jpg","datePublished":"2011-01-31T05:00:00+00:00","dateModified":"2021-06-21T18:36:57+00:00","breadcrumb":{"@id":"https:\/\/canada.iatse.net\/fr\/iatse-canadian-counsel-named-chair-of-ontario-labour-relations-board\/#breadcrumb"},"inLanguage":"fr-CA","potentialAction":[{"@type":"ReadAction","target":["https:\/\/canada.iatse.net\/fr\/iatse-canadian-counsel-named-chair-of-ontario-labour-relations-board\/"]}]},{"@type":"ImageObject","inLanguage":"fr-CA","@id":"https:\/\/canada.iatse.net\/fr\/iatse-canadian-counsel-named-chair-of-ontario-labour-relations-board\/#primaryimage","url":"https:\/\/canada.iatse.net\/wp-content\/uploads\/sites\/2\/2021\/06\/2-1.jpg","contentUrl":"https:\/\/canada.iatse.net\/wp-content\/uploads\/sites\/2\/2021\/06\/2-1.jpg","width":1920,"height":1080,"caption":"IATSE Canada"},{"@type":"BreadcrumbList","@id":"https:\/\/canada.iatse.net\/fr\/iatse-canadian-counsel-named-chair-of-ontario-labour-relations-board\/#breadcrumb","itemListElement":[{"@type":"ListItem","position":1,"name":"Home","item":"https:\/\/canada.iatse.net\/"},{"@type":"ListItem","position":2,"name":"IATSE Canadian Counsel Named Chair of Ontario Labour Relations Board"}]},{"@type":"WebSite","@id":"https:\/\/canada.iatse.net\/fr\/#website","url":"https:\/\/canada.iatse.net\/fr\/","name":"IATSE Canada","description":"The Union Behind Entertainment","publisher":{"@id":"https:\/\/canada.iatse.net\/fr\/#organization"},"potentialAction":[{"@type":"SearchAction","target":{"@type":"EntryPoint","urlTemplate":"https:\/\/canada.iatse.net\/fr\/?s={search_term_string}"},"query-input":{"@type":"PropertyValueSpecification","valueRequired":true,"valueName":"search_term_string"}}],"inLanguage":"fr-CA"},{"@type":"Organization","@id":"https:\/\/canada.iatse.net\/fr\/#organization","name":"IATSE Canada","url":"https:\/\/canada.iatse.net\/fr\/","logo":{"@type":"ImageObject","inLanguage":"fr-CA","@id":"https:\/\/canada.iatse.net\/fr\/#\/schema\/logo\/image\/","url":"https:\/\/canada.iatse.net\/wp-content\/uploads\/sites\/2\/2023\/02\/Canadian-Bug-Clear-BG.png","contentUrl":"https:\/\/canada.iatse.net\/wp-content\/uploads\/sites\/2\/2023\/02\/Canadian-Bug-Clear-BG.png","width":1675,"height":1675,"caption":"IATSE Canada"},"image":{"@id":"https:\/\/canada.iatse.net\/fr\/#\/schema\/logo\/image\/"},"sameAs":["https:\/\/www.facebook.com\/iatsecanada\/","https:\/\/x.com\/iatsecanada"]},{"@type":"Person","@id":"https:\/\/canada.iatse.net\/fr\/#\/schema\/person\/0f70e66471ace00026b129e85eb44df0","name":"IATSE Communications","image":{"@type":"ImageObject","inLanguage":"fr-CA","@id":"https:\/\/canada.iatse.net\/fr\/#\/schema\/person\/image\/","url":"https:\/\/secure.gravatar.com\/avatar\/35aecdeea9e9584c91ca1675b0997004?s=96&d=mm&r=g","contentUrl":"https:\/\/secure.gravatar.com\/avatar\/35aecdeea9e9584c91ca1675b0997004?s=96&d=mm&r=g","caption":"IATSE Communications"},"sameAs":["https:\/\/iatse.net"],"url":"https:\/\/canada.iatse.net\/fr\/author\/communications\/"}]}},"_links":{"self":[{"href":"https:\/\/canada.iatse.net\/fr\/wp-json\/wp\/v2\/posts\/3811"}],"collection":[{"href":"https:\/\/canada.iatse.net\/fr\/wp-json\/wp\/v2\/posts"}],"about":[{"href":"https:\/\/canada.iatse.net\/fr\/wp-json\/wp\/v2\/types\/post"}],"author":[{"embeddable":true,"href":"https:\/\/canada.iatse.net\/fr\/wp-json\/wp\/v2\/users\/1"}],"replies":[{"embeddable":true,"href":"https:\/\/canada.iatse.net\/fr\/wp-json\/wp\/v2\/comments?post=3811"}],"version-history":[{"count":1,"href":"https:\/\/canada.iatse.net\/fr\/wp-json\/wp\/v2\/posts\/3811\/revisions"}],"predecessor-version":[{"id":4842,"href":"https:\/\/canada.iatse.net\/fr\/wp-json\/wp\/v2\/posts\/3811\/revisions\/4842"}],"wp:featuredmedia":[{"embeddable":true,"href":"https:\/\/canada.iatse.net\/fr\/wp-json\/wp\/v2\/media\/3496"}],"wp:attachment":[{"href":"https:\/\/canada.iatse.net\/fr\/wp-json\/wp\/v2\/media?parent=3811"}],"wp:term":[{"taxonomy":"category","embeddable":true,"href":"https:\/\/canada.iatse.net\/fr\/wp-json\/wp\/v2\/categories?post=3811"},{"taxonomy":"post_tag","embeddable":true,"href":"https:\/\/canada.iatse.net\/fr\/wp-json\/wp\/v2\/tags?post=3811"}],"curies":[{"name":"wp","href":"https:\/\/api.w.org\/{rel}","templated":true}]}}