{"id":9255,"date":"2024-11-19T18:48:24","date_gmt":"2024-11-19T18:48:24","guid":{"rendered":"https:\/\/canada.iatse.net\/?p=9255"},"modified":"2024-11-27T20:24:03","modified_gmt":"2024-11-27T20:24:03","slug":"gallery-recap-veterans-day-remembrance-day-2024","status":"publish","type":"post","link":"https:\/\/canada.iatse.net\/fr\/gallery-recap-veterans-day-remembrance-day-2024\/","title":{"rendered":"Galerie + R\u00e9capitulatif : jour du Souvenir 2024 \/ jour des v\u00e9t\u00e9rans"},"content":{"rendered":"<p>Pour la quatri\u00e8me ann\u00e9e cons\u00e9cutive, plus d'une centaine de membres de l'AIEST aux \u00c9tats-Unis et au Canada ont particip\u00e9 \u00e0 notre campagne sur les m\u00e9dias sociaux \u00e0 l'occasion du jour du Souvenir \/ jour des v\u00e9t\u00e9rans, en soumettant des photos militaires d'eux-m\u00eames en train de s'entra\u00eener sur la base, des photos de remise de dipl\u00f4mes et bien plus.&nbsp;<\/p>\n\n\n\n<p>Mais une seule journ\u00e9e ne suffit pas pour rendre hommage \u00e0 nos cons\u0153urs, confr\u00e8res et ami-e-s am\u00e9ricains et canadiens qui ont r\u00e9pondu \u00e0 l'appel pour d\u00e9fendre et prot\u00e9ger nos nations. C'est pourquoi nous avons cr\u00e9\u00e9 cette galerie afin d'exprimer notre profonde gratitude et de reconna\u00eetre les contributions de nos v\u00e9t\u00e9rans membres.<\/p>\n\n\n\n<p>Prenez un moment pour visiter notre galerie de v\u00e9t\u00e9rans membres de l'AIEST qui ont consacr\u00e9 leur vie au service de nos deux pays. Galerie de photos ici: <a href=\"https:\/\/nam11.safelinks.protection.outlook.com\/?url=https%3A%2F%2Fiatse.net%2Fgallery-recap-veterans-day-remembrance-day-2024%2F&amp;data=05%7C02%7Cmlarochelle%40iatse.net%7C44e41483b8fb441f97c308dd08b69ed2%7C2df90b63cf6e467b8dd663f975519878%7C0%7C0%7C638676302630325042%7CUnknown%7CTWFpbGZsb3d8eyJFbXB0eU1hcGkiOnRydWUsIlYiOiIwLjAuMDAwMCIsIlAiOiJXaW4zMiIsIkFOIjoiTWFpbCIsIldUIjoyfQ%3D%3D%7C0%7C%7C%7C&amp;sdata=JrEEcddPPoLAwLpou6Cgm8b9q28mhYDiyL3Y7ynnong%3D&amp;reserved=0\">https:\/\/iatse.net\/gallery-recap-veterans-day-remembrance-day-2024\/<\/a><\/p>","protected":false},"excerpt":{"rendered":"<p>Pour la quatri\u00e8me ann\u00e9e cons\u00e9cutive, plus d'une centaine de membres de l'alliance aux \u00c9tats-Unis et au Canada ont particip\u00e9 \u00e0 une campagne sur les m\u00e9dias sociaux \u00e0 l'occasion de la Journ\u00e9e des anciens combattants\/du souvenir en [...]<\/p>","protected":false},"author":2,"featured_media":9258,"comment_status":"closed","ping_status":"closed","sticky":false,"template":"","format":"standard","meta":{"_monsterinsights_skip_tracking":false,"_monsterinsights_sitenote_active":false,"_monsterinsights_sitenote_note":"","_monsterinsights_sitenote_category":0,"footnotes":""},"categories":[5],"tags":[],"yoast_head":"<!-- This site is optimized with the Yoast SEO plugin v23.5 - https:\/\/yoast.com\/wordpress\/plugins\/seo\/ -->\n<title>Gallery + Recap: Veterans Day\/Remembrance Day 2024 - IATSE Canada<\/title>\n<meta name=\"robots\" content=\"index, follow, max-snippet:-1, max-image-preview:large, max-video-preview:-1\" \/>\n<link rel=\"canonical\" href=\"https:\/\/canada.iatse.net\/fr\/gallery-recap-veterans-day-remembrance-day-2024\/\" \/>\n<meta property=\"og:locale\" content=\"fr_CA\" \/>\n<meta property=\"og:type\" content=\"article\" \/>\n<meta property=\"og:title\" content=\"Gallery + Recap: Veterans Day\/Remembrance Day 2024 - IATSE Canada\" \/>\n<meta property=\"og:description\" content=\"For the fourth year in a row, more than a hundred members across the alliance within the U.S. and Canada participated in a social media campaign for Veterans\/Remembrance Day by [&hellip;]\" \/>\n<meta property=\"og:url\" content=\"https:\/\/canada.iatse.net\/fr\/gallery-recap-veterans-day-remembrance-day-2024\/\" \/>\n<meta property=\"og:site_name\" content=\"IATSE Canada\" \/>\n<meta property=\"article:publisher\" content=\"https:\/\/www.facebook.com\/iatsecanada\/\" \/>\n<meta property=\"article:published_time\" content=\"2024-11-19T18:48:24+00:00\" \/>\n<meta property=\"article:modified_time\" content=\"2024-11-27T20:24:03+00:00\" \/>\n<meta property=\"og:image\" content=\"https:\/\/canada.iatse.net\/wp-content\/uploads\/sites\/2\/2024\/11\/Veterans-DayRemembrance-DAY-2024-1024x577-1.png\" \/>\n\t<meta property=\"og:image:width\" content=\"1024\" \/>\n\t<meta property=\"og:image:height\" content=\"577\" \/>\n\t<meta property=\"og:image:type\" content=\"image\/png\" \/>\n<meta name=\"author\" content=\"IATSE Canada\" \/>\n<meta name=\"twitter:card\" content=\"summary_large_image\" \/>\n<meta name=\"twitter:creator\" content=\"@iatsecanada\" \/>\n<meta name=\"twitter:site\" content=\"@iatsecanada\" \/>\n<meta name=\"twitter:label1\" content=\"\u00c9crit par\" \/>\n\t<meta name=\"twitter:data1\" content=\"IATSE Canada\" \/>\n\t<meta name=\"twitter:label2\" content=\"Estimation du temps de lecture\" \/>\n\t<meta name=\"twitter:data2\" content=\"1 minute\" \/>\n<script type=\"application\/ld+json\" class=\"yoast-schema-graph\">{\"@context\":\"https:\/\/schema.org\",\"@graph\":[{\"@type\":\"Article\",\"@id\":\"https:\/\/canada.iatse.net\/gallery-recap-veterans-day-remembrance-day-2024\/#article\",\"isPartOf\":{\"@id\":\"https:\/\/canada.iatse.net\/gallery-recap-veterans-day-remembrance-day-2024\/\"},\"author\":{\"name\":\"IATSE Canada\",\"@id\":\"https:\/\/canada.iatse.net\/fr\/#\/schema\/person\/fa2ba16e46fb33818df5f2ae5bf0554a\"},\"headline\":\"Gallery + Recap: Veterans Day\/Remembrance Day 2024\",\"datePublished\":\"2024-11-19T18:48:24+00:00\",\"dateModified\":\"2024-11-27T20:24:03+00:00\",\"mainEntityOfPage\":{\"@id\":\"https:\/\/canada.iatse.net\/gallery-recap-veterans-day-remembrance-day-2024\/\"},\"wordCount\":127,\"publisher\":{\"@id\":\"https:\/\/canada.iatse.net\/fr\/#organization\"},\"image\":{\"@id\":\"https:\/\/canada.iatse.net\/gallery-recap-veterans-day-remembrance-day-2024\/#primaryimage\"},\"thumbnailUrl\":\"https:\/\/canada.iatse.net\/wp-content\/uploads\/sites\/2\/2024\/11\/Veterans-DayRemembrance-DAY-2024-1024x577-1.png\",\"articleSection\":[\"News\"],\"inLanguage\":\"fr-CA\"},{\"@type\":\"WebPage\",\"@id\":\"https:\/\/canada.iatse.net\/gallery-recap-veterans-day-remembrance-day-2024\/\",\"url\":\"https:\/\/canada.iatse.net\/gallery-recap-veterans-day-remembrance-day-2024\/\",\"name\":\"Gallery + Recap: Veterans Day\/Remembrance Day 2024 - IATSE Canada\",\"isPartOf\":{\"@id\":\"https:\/\/canada.iatse.net\/fr\/#website\"},\"primaryImageOfPage\":{\"@id\":\"https:\/\/canada.iatse.net\/gallery-recap-veterans-day-remembrance-day-2024\/#primaryimage\"},\"image\":{\"@id\":\"https:\/\/canada.iatse.net\/gallery-recap-veterans-day-remembrance-day-2024\/#primaryimage\"},\"thumbnailUrl\":\"https:\/\/canada.iatse.net\/wp-content\/uploads\/sites\/2\/2024\/11\/Veterans-DayRemembrance-DAY-2024-1024x577-1.png\",\"datePublished\":\"2024-11-19T18:48:24+00:00\",\"dateModified\":\"2024-11-27T20:24:03+00:00\",\"breadcrumb\":{\"@id\":\"https:\/\/canada.iatse.net\/gallery-recap-veterans-day-remembrance-day-2024\/#breadcrumb\"},\"inLanguage\":\"fr-CA\",\"potentialAction\":[{\"@type\":\"ReadAction\",\"target\":[\"https:\/\/canada.iatse.net\/gallery-recap-veterans-day-remembrance-day-2024\/\"]}]},{\"@type\":\"ImageObject\",\"inLanguage\":\"fr-CA\",\"@id\":\"https:\/\/canada.iatse.net\/gallery-recap-veterans-day-remembrance-day-2024\/#primaryimage\",\"url\":\"https:\/\/canada.iatse.net\/wp-content\/uploads\/sites\/2\/2024\/11\/Veterans-DayRemembrance-DAY-2024-1024x577-1.png\",\"contentUrl\":\"https:\/\/canada.iatse.net\/wp-content\/uploads\/sites\/2\/2024\/11\/Veterans-DayRemembrance-DAY-2024-1024x577-1.png\",\"width\":1024,\"height\":577},{\"@type\":\"BreadcrumbList\",\"@id\":\"https:\/\/canada.iatse.net\/gallery-recap-veterans-day-remembrance-day-2024\/#breadcrumb\",\"itemListElement\":[{\"@type\":\"ListItem\",\"position\":1,\"name\":\"Home\",\"item\":\"https:\/\/canada.iatse.net\/\"},{\"@type\":\"ListItem\",\"position\":2,\"name\":\"Gallery + Recap: Veterans Day\/Remembrance Day 2024\"}]},{\"@type\":\"WebSite\",\"@id\":\"https:\/\/canada.iatse.net\/fr\/#website\",\"url\":\"https:\/\/canada.iatse.net\/fr\/\",\"name\":\"IATSE Canada\",\"description\":\"The Union Behind Entertainment\",\"publisher\":{\"@id\":\"https:\/\/canada.iatse.net\/fr\/#organization\"},\"potentialAction\":[{\"@type\":\"SearchAction\",\"target\":{\"@type\":\"EntryPoint\",\"urlTemplate\":\"https:\/\/canada.iatse.net\/fr\/?s={search_term_string}\"},\"query-input\":{\"@type\":\"PropertyValueSpecification\",\"valueRequired\":true,\"valueName\":\"search_term_string\"}}],\"inLanguage\":\"fr-CA\"},{\"@type\":\"Organization\",\"@id\":\"https:\/\/canada.iatse.net\/fr\/#organization\",\"name\":\"IATSE Canada\",\"url\":\"https:\/\/canada.iatse.net\/fr\/\",\"logo\":{\"@type\":\"ImageObject\",\"inLanguage\":\"fr-CA\",\"@id\":\"https:\/\/canada.iatse.net\/fr\/#\/schema\/logo\/image\/\",\"url\":\"https:\/\/canada.iatse.net\/wp-content\/uploads\/sites\/2\/2023\/02\/Canadian-Bug-Clear-BG.png\",\"contentUrl\":\"https:\/\/canada.iatse.net\/wp-content\/uploads\/sites\/2\/2023\/02\/Canadian-Bug-Clear-BG.png\",\"width\":1675,\"height\":1675,\"caption\":\"IATSE Canada\"},\"image\":{\"@id\":\"https:\/\/canada.iatse.net\/fr\/#\/schema\/logo\/image\/\"},\"sameAs\":[\"https:\/\/www.facebook.com\/iatsecanada\/\",\"https:\/\/x.com\/iatsecanada\"]},{\"@type\":\"Person\",\"@id\":\"https:\/\/canada.iatse.net\/fr\/#\/schema\/person\/fa2ba16e46fb33818df5f2ae5bf0554a\",\"name\":\"IATSE Canada\",\"image\":{\"@type\":\"ImageObject\",\"inLanguage\":\"fr-CA\",\"@id\":\"https:\/\/canada.iatse.net\/fr\/#\/schema\/person\/image\/\",\"url\":\"https:\/\/secure.gravatar.com\/avatar\/0a1e4f2e3b3cd9e5028fa27657fc1c52?s=96&d=mm&r=g\",\"contentUrl\":\"https:\/\/secure.gravatar.com\/avatar\/0a1e4f2e3b3cd9e5028fa27657fc1c52?s=96&d=mm&r=g\",\"caption\":\"IATSE Canada\"},\"url\":\"https:\/\/canada.iatse.net\/fr\/author\/nrichmond\/\"}]}<\/script>\n<!-- \/ Yoast SEO plugin. -->","yoast_head_json":{"title":"Gallery + Recap: Veterans Day\/Remembrance Day 2024 - IATSE Canada","robots":{"index":"index","follow":"follow","max-snippet":"max-snippet:-1","max-image-preview":"max-image-preview:large","max-video-preview":"max-video-preview:-1"},"canonical":"https:\/\/canada.iatse.net\/fr\/gallery-recap-veterans-day-remembrance-day-2024\/","og_locale":"fr_CA","og_type":"article","og_title":"Gallery + Recap: Veterans Day\/Remembrance Day 2024 - IATSE Canada","og_description":"For the fourth year in a row, more than a hundred members across the alliance within the U.S. and Canada participated in a social media campaign for Veterans\/Remembrance Day by [&hellip;]","og_url":"https:\/\/canada.iatse.net\/fr\/gallery-recap-veterans-day-remembrance-day-2024\/","og_site_name":"IATSE Canada","article_publisher":"https:\/\/www.facebook.com\/iatsecanada\/","article_published_time":"2024-11-19T18:48:24+00:00","article_modified_time":"2024-11-27T20:24:03+00:00","og_image":[{"width":1024,"height":577,"url":"https:\/\/canada.iatse.net\/wp-content\/uploads\/sites\/2\/2024\/11\/Veterans-DayRemembrance-DAY-2024-1024x577-1.png","type":"image\/png"}],"author":"IATSE Canada","twitter_card":"summary_large_image","twitter_creator":"@iatsecanada","twitter_site":"@iatsecanada","twitter_misc":{"\u00c9crit par":"IATSE Canada","Estimation du temps de lecture":"1 minute"},"schema":{"@context":"https:\/\/schema.org","@graph":[{"@type":"Article","@id":"https:\/\/canada.iatse.net\/gallery-recap-veterans-day-remembrance-day-2024\/#article","isPartOf":{"@id":"https:\/\/canada.iatse.net\/gallery-recap-veterans-day-remembrance-day-2024\/"},"author":{"name":"IATSE Canada","@id":"https:\/\/canada.iatse.net\/fr\/#\/schema\/person\/fa2ba16e46fb33818df5f2ae5bf0554a"},"headline":"Gallery + Recap: Veterans Day\/Remembrance Day 2024","datePublished":"2024-11-19T18:48:24+00:00","dateModified":"2024-11-27T20:24:03+00:00","mainEntityOfPage":{"@id":"https:\/\/canada.iatse.net\/gallery-recap-veterans-day-remembrance-day-2024\/"},"wordCount":127,"publisher":{"@id":"https:\/\/canada.iatse.net\/fr\/#organization"},"image":{"@id":"https:\/\/canada.iatse.net\/gallery-recap-veterans-day-remembrance-day-2024\/#primaryimage"},"thumbnailUrl":"https:\/\/canada.iatse.net\/wp-content\/uploads\/sites\/2\/2024\/11\/Veterans-DayRemembrance-DAY-2024-1024x577-1.png","articleSection":["News"],"inLanguage":"fr-CA"},{"@type":"WebPage","@id":"https:\/\/canada.iatse.net\/gallery-recap-veterans-day-remembrance-day-2024\/","url":"https:\/\/canada.iatse.net\/gallery-recap-veterans-day-remembrance-day-2024\/","name":"Gallery + Recap: Veterans Day\/Remembrance Day 2024 - IATSE Canada","isPartOf":{"@id":"https:\/\/canada.iatse.net\/fr\/#website"},"primaryImageOfPage":{"@id":"https:\/\/canada.iatse.net\/gallery-recap-veterans-day-remembrance-day-2024\/#primaryimage"},"image":{"@id":"https:\/\/canada.iatse.net\/gallery-recap-veterans-day-remembrance-day-2024\/#primaryimage"},"thumbnailUrl":"https:\/\/canada.iatse.net\/wp-content\/uploads\/sites\/2\/2024\/11\/Veterans-DayRemembrance-DAY-2024-1024x577-1.png","datePublished":"2024-11-19T18:48:24+00:00","dateModified":"2024-11-27T20:24:03+00:00","breadcrumb":{"@id":"https:\/\/canada.iatse.net\/gallery-recap-veterans-day-remembrance-day-2024\/#breadcrumb"},"inLanguage":"fr-CA","potentialAction":[{"@type":"ReadAction","target":["https:\/\/canada.iatse.net\/gallery-recap-veterans-day-remembrance-day-2024\/"]}]},{"@type":"ImageObject","inLanguage":"fr-CA","@id":"https:\/\/canada.iatse.net\/gallery-recap-veterans-day-remembrance-day-2024\/#primaryimage","url":"https:\/\/canada.iatse.net\/wp-content\/uploads\/sites\/2\/2024\/11\/Veterans-DayRemembrance-DAY-2024-1024x577-1.png","contentUrl":"https:\/\/canada.iatse.net\/wp-content\/uploads\/sites\/2\/2024\/11\/Veterans-DayRemembrance-DAY-2024-1024x577-1.png","width":1024,"height":577},{"@type":"BreadcrumbList","@id":"https:\/\/canada.iatse.net\/gallery-recap-veterans-day-remembrance-day-2024\/#breadcrumb","itemListElement":[{"@type":"ListItem","position":1,"name":"Home","item":"https:\/\/canada.iatse.net\/"},{"@type":"ListItem","position":2,"name":"Gallery + Recap: Veterans Day\/Remembrance Day 2024"}]},{"@type":"WebSite","@id":"https:\/\/canada.iatse.net\/fr\/#website","url":"https:\/\/canada.iatse.net\/fr\/","name":"IATSE Canada","description":"The Union Behind Entertainment","publisher":{"@id":"https:\/\/canada.iatse.net\/fr\/#organization"},"potentialAction":[{"@type":"SearchAction","target":{"@type":"EntryPoint","urlTemplate":"https:\/\/canada.iatse.net\/fr\/?s={search_term_string}"},"query-input":{"@type":"PropertyValueSpecification","valueRequired":true,"valueName":"search_term_string"}}],"inLanguage":"fr-CA"},{"@type":"Organization","@id":"https:\/\/canada.iatse.net\/fr\/#organization","name":"IATSE Canada","url":"https:\/\/canada.iatse.net\/fr\/","logo":{"@type":"ImageObject","inLanguage":"fr-CA","@id":"https:\/\/canada.iatse.net\/fr\/#\/schema\/logo\/image\/","url":"https:\/\/canada.iatse.net\/wp-content\/uploads\/sites\/2\/2023\/02\/Canadian-Bug-Clear-BG.png","contentUrl":"https:\/\/canada.iatse.net\/wp-content\/uploads\/sites\/2\/2023\/02\/Canadian-Bug-Clear-BG.png","width":1675,"height":1675,"caption":"IATSE Canada"},"image":{"@id":"https:\/\/canada.iatse.net\/fr\/#\/schema\/logo\/image\/"},"sameAs":["https:\/\/www.facebook.com\/iatsecanada\/","https:\/\/x.com\/iatsecanada"]},{"@type":"Person","@id":"https:\/\/canada.iatse.net\/fr\/#\/schema\/person\/fa2ba16e46fb33818df5f2ae5bf0554a","name":"IATSE Canada","image":{"@type":"ImageObject","inLanguage":"fr-CA","@id":"https:\/\/canada.iatse.net\/fr\/#\/schema\/person\/image\/","url":"https:\/\/secure.gravatar.com\/avatar\/0a1e4f2e3b3cd9e5028fa27657fc1c52?s=96&d=mm&r=g","contentUrl":"https:\/\/secure.gravatar.com\/avatar\/0a1e4f2e3b3cd9e5028fa27657fc1c52?s=96&d=mm&r=g","caption":"IATSE Canada"},"url":"https:\/\/canada.iatse.net\/fr\/author\/nrichmond\/"}]}},"_links":{"self":[{"href":"https:\/\/canada.iatse.net\/fr\/wp-json\/wp\/v2\/posts\/9255"}],"collection":[{"href":"https:\/\/canada.iatse.net\/fr\/wp-json\/wp\/v2\/posts"}],"about":[{"href":"https:\/\/canada.iatse.net\/fr\/wp-json\/wp\/v2\/types\/post"}],"author":[{"embeddable":true,"href":"https:\/\/canada.iatse.net\/fr\/wp-json\/wp\/v2\/users\/2"}],"replies":[{"embeddable":true,"href":"https:\/\/canada.iatse.net\/fr\/wp-json\/wp\/v2\/comments?post=9255"}],"version-history":[{"count":1,"href":"https:\/\/canada.iatse.net\/fr\/wp-json\/wp\/v2\/posts\/9255\/revisions"}],"predecessor-version":[{"id":9256,"href":"https:\/\/canada.iatse.net\/fr\/wp-json\/wp\/v2\/posts\/9255\/revisions\/9256"}],"wp:featuredmedia":[{"embeddable":true,"href":"https:\/\/canada.iatse.net\/fr\/wp-json\/wp\/v2\/media\/9258"}],"wp:attachment":[{"href":"https:\/\/canada.iatse.net\/fr\/wp-json\/wp\/v2\/media?parent=9255"}],"wp:term":[{"taxonomy":"category","embeddable":true,"href":"https:\/\/canada.iatse.net\/fr\/wp-json\/wp\/v2\/categories?post=9255"},{"taxonomy":"post_tag","embeddable":true,"href":"https:\/\/canada.iatse.net\/fr\/wp-json\/wp\/v2\/tags?post=9255"}],"curies":[{"name":"wp","href":"https:\/\/api.w.org\/{rel}","templated":true}]}}